[{"@context":"https:\/\/schema.org\/","@type":"Article","@id":"https:\/\/www.kotech.cz\/cesti-podnikatele-si-ve-sve-praci-moc-neveri\/#Article","mainEntityOfPage":"https:\/\/www.kotech.cz\/cesti-podnikatele-si-ve-sve-praci-moc-neveri\/","headline":"\u010ce\u0161t\u00ed podnikatel\u00e9 si ve sv\u00e9 pr\u00e1ci moc nev\u011b\u0159\u00ed","name":"\u010ce\u0161t\u00ed podnikatel\u00e9 si ve sv\u00e9 pr\u00e1ci moc nev\u011b\u0159\u00ed","description":"Obecn\u011b se \u0159\u00edk\u00e1, \u017ee \u010ce\u0161i jsou druz\u00ed nejv\u011bt\u0161\u00ed skeptici ve sv\u00e9 pr\u00e1ci v\u016fbec. T\u00fdk\u00e1 se to tedy hlavn\u011b podnikatelsk\u00e9 \u010dinnosti. D\u016fv\u011bru v budoucnosti sv\u00e9ho podnik\u00e1n\u00ed nem\u00e1 dokonce ani polovina v\u0161ech majitel\u016f nebo zam\u011bstnanc\u016f a to a\u0165 u\u017e mal\u00fdch nebo velk\u00fdch firem. Je\u0161t\u011b h\u016f\u0159e ne\u017e \u010cesk\u00e1 republika je na tom \u0158ecko,","datePublished":"2018-04-24","dateModified":"2023-04-29","author":{"@type":"Person","@id":"https:\/\/www.kotech.cz\/author\/#Person","name":"","url":"https:\/\/www.kotech.cz\/author\/","identifier":1,"image":{"@type":"ImageObject","@id":"https:\/\/secure.gravatar.com\/avatar\/82449f5dd313bdc88befc1a2d3138ce45c5e7d5eeee84221e3cf7fbc184b80d3?s=96&d=mm&r=g","url":"https:\/\/secure.gravatar.com\/avatar\/82449f5dd313bdc88befc1a2d3138ce45c5e7d5eeee84221e3cf7fbc184b80d3?s=96&d=mm&r=g","height":96,"width":96}},"publisher":{"@type":"Organization","name":"kotech.cz","logo":{"@type":"ImageObject","@id":"\/logo.png","url":"\/logo.png","width":600,"height":60}},"image":{"@type":"ImageObject","@id":"https:\/\/www.kotech.cz\/wp-content\/uploads\/img_a318948_w2350_t1529827482.png","url":"https:\/\/www.kotech.cz\/wp-content\/uploads\/img_a318948_w2350_t1529827482.png","height":0,"width":0},"url":"https:\/\/www.kotech.cz\/cesti-podnikatele-si-ve-sve-praci-moc-neveri\/","about":["Business"],"wordCount":414,"articleBody":"Obecn\u011b se \u0159\u00edk\u00e1, \u017ee \u010ce\u0161i jsou druz\u00ed nejv\u011bt\u0161\u00ed skeptici ve sv\u00e9 pr\u00e1ci v\u016fbec. T\u00fdk\u00e1 se to tedy hlavn\u011b podnikatelsk\u00e9 \u010dinnosti. D\u016fv\u011bru v budoucnosti sv\u00e9ho podnik\u00e1n\u00ed nem\u00e1 dokonce ani polovina v\u0161ech majitel\u016f nebo zam\u011bstnanc\u016f a to a\u0165 u\u017e mal\u00fdch nebo velk\u00fdch firem. Je\u0161t\u011b h\u016f\u0159e ne\u017e \u010cesk\u00e1 republika je na tom \u0158ecko, kde nem\u00e1 optimismus ani t\u0159i \u010dtvrtina populace.Takov\u00e9 Polsko nebo N\u011bmecko jsou na tom \u00fapln\u011b jinak. Lid\u00e9 si tam v pr\u00e1ci, kterou odv\u00e1d\u00ed, velmi v\u011b\u0159\u00ed. Je ale pravda, \u017ee ta \u010desk\u00e1 skepse m\u016f\u017ee souviset i s t\u00edm, \u017ee nap\u0159\u00edklad dan\u00e1 firma nem\u00e1 dostate\u010dn\u011b zpracovan\u00fd pl\u00e1n rozvoje. P\u00edsemn\u00fd pl\u00e1n podnik\u00e1n\u00ed na v\u00edce ne\u017e p\u016fl roku m\u00e1 ani ne 30% podnik\u016f a to a\u0165 u\u017e velk\u00fdch nebo mal\u00fdch. \u010ce\u0161i se soust\u0159ed\u00ed hlavn\u011b na kr\u00e1tkodob\u00e9 priority a velmi spol\u00e9haj\u00ed na intuici. Dlouhodob\u00e9 pl\u00e1nov\u00ed hodn\u011b ovliv\u0148uje a hlavn\u011b komplikuje nestabilita, kter\u00e1 se t\u00fdk\u00e1 hotovostn\u00edch tok\u016f. A\u017e \u010dtvrtina firem m\u00e1 v pl\u00e1nu nav\u00fd\u0161it investice do IT, i kdy\u017e v\u00edce ne\u017e polovina podnik\u016f nen\u00ed v\u016fbec s \u00farovn\u00ed investic spokojena. Dokonce a\u017e 30% podnik\u016f nic takov\u00e9ho v \u00famyslu ani nemaj\u00ed. Je to ale dob\u0159e? Asi je ur\u010dit\u011b k zamy\u0161len\u00ed to, pro\u010d jen 15% \u010desk\u00fdch firem se rozhoduje o investic\u00edch do technologi\u00ed a to na spole\u010dn\u00fdch porad\u00e1ch nejen o trendech ale tak\u00e9 pot\u0159eb\u00e1ch dan\u00e9 firmy a jin\u00e9 o to ani nezavad\u00ed. P\u0159em\u00fd\u0161leli jste n\u011bkdy nad pojmem digit\u00e1ln\u00ed transformace? Kdy\u017e tento pojem p\u0159edlo\u017e\u00edte mnoh\u00fdm firm\u00e1m nebo podnik\u016fm, jedna polovina z nich si pod t\u00edm p\u0159edstav\u00ed p\u0159echod z pap\u00edru na digit\u00e1ln\u00ed formu a druh\u00e1 polovina zase automatizaci z\u00e1kladn\u00edch oblast\u00ed, mezi kter\u00e9 pat\u0159\u00ed slu\u017eby pro finance, \u00fa\u010detnictv\u00ed a mnoho dal\u0161\u00edch. Z\u00e1vis\u00ed to hlavn\u011b na \u00fahlu pohledu. Pokud i vy pat\u0159\u00edte mezi podnikatele a m\u00e1te pocit, \u017ee si ve sv\u00e9 pr\u00e1ci moc nev\u011b\u0159\u00edte, pak byste s t\u00edm m\u011bli za\u010d\u00edt. V\u011b\u0159te, \u017ee svou pr\u00e1ci odv\u00e1d\u00edte velmi dob\u0159e a \u017ee se v\u00e1m to do budoucna ur\u010dit\u011b vyplat\u00ed. Je d\u016fle\u017eit\u00e9 tomu hlavn\u011b v\u011bnovat \u010das a b\u00fdt trp\u011bliv\u00fd. Ne nadarmo se \u0159\u00edk\u00e1, \u017ee trp\u011blivost r\u016f\u017ee p\u0159in\u00e1\u0161\u00ed.                                                                                                                                                                                                                                                                                                                                                                                        3.9\/5 - (7 votes)        "},{"@context":"https:\/\/schema.org\/","@type":"BreadcrumbList","itemListElement":[{"@type":"ListItem","position":1,"name":"\u010ce\u0161t\u00ed podnikatel\u00e9 si ve sv\u00e9 pr\u00e1ci moc nev\u011b\u0159\u00ed","item":"https:\/\/www.kotech.cz\/cesti-podnikatele-si-ve-sve-praci-moc-neveri\/#breadcrumbitem"}]}]