[{"@context":"https:\/\/schema.org\/","@type":"Article","@id":"https:\/\/www.kotech.cz\/dovolena-s-detmi-co-takhle-cervena-voda\/#Article","mainEntityOfPage":"https:\/\/www.kotech.cz\/dovolena-s-detmi-co-takhle-cervena-voda\/","headline":"Dovolen\u00e1 s d\u011btmi? Co takhle \u010cerven\u00e1 voda?","name":"Dovolen\u00e1 s d\u011btmi? Co takhle \u010cerven\u00e1 voda?","description":"Kdo se r\u00e1d v\u011bnuje o pr\u00e1zdnin\u00e1ch, pota\u017emo o dovolen\u00e9 d\u011btem ur\u010dit\u011b nevyhled\u00e1v\u00e1 no\u010dn\u00edm \u017eivotem buj\u00edc\u00ed turistick\u00e1 st\u0159ediska. K v\u016fli sv\u00fdch d\u011bt\u00ed d\u00e1 spousta mlad\u00fdch rodin rad\u011bji p\u0159ednost klidn\u00e9mu ubytov\u00e1n\u00ed, ale zase nechce rezignovat na sportovn\u00ed aktivity. Nav\u00edc chce p\u0159\u00edle\u017eitost sv\u00e9 d\u011bti n\u011bco nau\u010dit. Ly\u017eovat, v\u011bnovat se cyklistice, nebo jen tak","datePublished":"2022-01-15","dateModified":"2023-04-29","author":{"@type":"Person","@id":"https:\/\/www.kotech.cz\/author\/#Person","name":"","url":"https:\/\/www.kotech.cz\/author\/","identifier":1,"image":{"@type":"ImageObject","@id":"https:\/\/secure.gravatar.com\/avatar\/82449f5dd313bdc88befc1a2d3138ce45c5e7d5eeee84221e3cf7fbc184b80d3?s=96&d=mm&r=g","url":"https:\/\/secure.gravatar.com\/avatar\/82449f5dd313bdc88befc1a2d3138ce45c5e7d5eeee84221e3cf7fbc184b80d3?s=96&d=mm&r=g","height":96,"width":96}},"publisher":{"@type":"Organization","name":"kotech.cz","logo":{"@type":"ImageObject","@id":"\/logo.png","url":"\/logo.png","width":600,"height":60}},"image":{"@type":"ImageObject","@id":"https:\/\/www.kotech.cz\/wp-content\/uploads\/p%C3%A1n%20cvi%C4%8D%C3%AD%20kegelovy%20cviky.jpg","url":"https:\/\/www.kotech.cz\/wp-content\/uploads\/p%C3%A1n%20cvi%C4%8D%C3%AD%20kegelovy%20cviky.jpg","height":0,"width":0},"url":"https:\/\/www.kotech.cz\/dovolena-s-detmi-co-takhle-cervena-voda\/","about":["Business"],"wordCount":456,"articleBody":"   Kdo se r\u00e1d v\u011bnuje o pr\u00e1zdnin\u00e1ch, pota\u017emo o dovolen\u00e9 d\u011btem ur\u010dit\u011b nevyhled\u00e1v\u00e1 no\u010dn\u00edm \u017eivotem buj\u00edc\u00ed turistick\u00e1 st\u0159ediska. K v\u016fli sv\u00fdch d\u011bt\u00ed d\u00e1 spousta mlad\u00fdch rodin rad\u011bji p\u0159ednost klidn\u00e9mu ubytov\u00e1n\u00ed, ale zase nechce rezignovat na sportovn\u00ed aktivity. Nav\u00edc chce p\u0159\u00edle\u017eitost sv\u00e9 d\u011bti n\u011bco nau\u010dit. Ly\u017eovat, v\u011bnovat se cyklistice, nebo jen tak m\u00edt r\u00e1d p\u0159\u00edrodu.Velice bl\u00edzko m\u011bste\u010dka \u010cerven\u00e1 Voda, hned pod sjezdovkami vedouc\u00edmi na Bukovou horu se nach\u00e1z\u00ed n\u00e1\u0161 apartm\u00e1nov\u00fd d\u016fm. Poskytuje, prakticky v Doln\u00ed Morav\u011b, ubytov\u00e1n\u00ed s d\u011btmi. V pokoj\u00edch pro 3 a\u017e 7 osob, ve kter\u00fdch je mo\u017en\u00e9 z\u0159\u00eddit p\u0159ist\u00fdlku, se pohodln\u011b ubytuje cel\u00e1 rodina. P\u0159\u00edpadn\u011b i s dal\u0161\u00edmi p\u0159\u00edslu\u0161n\u00edky \u010di kamar\u00e1dy d\u011bt\u00ed. Ka\u017ed\u00fd apartm\u00e1n nab\u00edz\u00ed komfort pohodln\u00e9ho bydlen\u00ed. Je zde vybaven\u00e1 kuchy\u0148. V ka\u017ed\u00e9m apartm\u00e1nu je kompletn\u00ed a modern\u00ed soci\u00e1ln\u00ed za\u0159\u00edzen\u00ed. Pokoje jsou pohodln\u00e9, nechyb\u00ed j\u00eddeln\u00ed stoly, k\u0159es\u00edlka, televize. Va\u0161e d\u011bti jist\u011b ocen\u00ed voln\u00fd p\u0159\u00edstup k wifi s\u00edti.M\u00e1te-li ly\u017ee, \u0161up s nimi do ly\u017e\u00e1rny. Ani s va\u0161imi koly nen\u00ed probl\u00e9m, m\u00e1me zde prostornou kol\u00e1rnu, ve kter\u00e9, v p\u0159\u00edpad\u011b nutnosti, m\u016f\u017eete prov\u00e9st i ur\u010dit\u00fd servis va\u0161eho kola. Zkr\u00e1tka, u n\u00e1s jste p\u0159ipraveni na v\u0161echno. A co tedy nab\u00edz\u00ed okol\u00ed pro v\u00e1s a va\u0161e d\u011bti?Je zimn\u00ed obdob\u00ed, za\u010dneme tedy zimou. Nedaleko na\u0161eho apartm\u00e1nu za\u010d\u00edn\u00e1 ly\u017ea\u0159sk\u00e9 st\u0159edisko Bukov\u00e1 hora. Lanovka v\u00e1s vyveze na stejnojmenn\u00fd vrchol. Z n\u011bj m\u016f\u017eete sj\u00ed\u017ed\u011bt na ob\u011b strany. Jak sm\u011brem k n\u00e1m, tak na druhou stranu, sm\u011brem do \u010cenkovic. Je zde k dispozici dost ly\u017ea\u0159sk\u00fdch, sjezdov\u00fdch trat\u00ed, kter\u00e9 umo\u017en\u00ed zaj\u00edmav\u00e9 a z\u00e1bavn\u00e9 ly\u017eov\u00e1n\u00ed. Pokud va\u0161e d\u011bti je\u0161t\u011b neum\u00ed ly\u017eovat, ur\u010dit\u011b se jich r\u00e1di ujmou v ly\u017ea\u0159sk\u00fdch \u0161koli\u010dk\u00e1ch, kde je zku\u0161en\u00ed instrukto\u0159i nau\u010d\u00ed prvn\u00edm kr\u016f\u010dk\u016fm. T\u0159eba k olympijsk\u00fdm medail\u00edm. Na h\u0159ebeni m\u00e1te zase prostor sv\u00e9 d\u011bti zasv\u011btit do kr\u00e1s b\u011b\u017eeck\u00e9ho ly\u017eov\u00e1n\u00ed. V obdob\u00ed beze sn\u011bhu m\u016f\u017eete se sv\u00fdmi d\u011btmi jezdit po hor\u00e1ch na kole, nebo zvy\u0161ovat jich fyzickou zdatnost b\u011bhem, \u010di turistick\u00fdmi pochody. Mo\u017enost\u00ed je nep\u0159ebern\u011b. Z\u00e1le\u017e\u00ed na v\u00e1s.                                                                                                                                                                                                                                                                                                                                                                                         3.5\/5 - (2 votes)        "},{"@context":"https:\/\/schema.org\/","@type":"BreadcrumbList","itemListElement":[{"@type":"ListItem","position":1,"name":"Dovolen\u00e1 s d\u011btmi? Co takhle \u010cerven\u00e1 voda?","item":"https:\/\/www.kotech.cz\/dovolena-s-detmi-co-takhle-cervena-voda\/#breadcrumbitem"}]}]