[{"@context":"https:\/\/schema.org\/","@type":"Article","@id":"https:\/\/www.kotech.cz\/prakticke-a-funkcni-vestavene-skrine\/#Article","mainEntityOfPage":"https:\/\/www.kotech.cz\/prakticke-a-funkcni-vestavene-skrine\/","headline":"Praktick\u00e9 a funk\u010dn\u00ed vestav\u011bn\u00e9 sk\u0159\u00edn\u011b","name":"Praktick\u00e9 a funk\u010dn\u00ed vestav\u011bn\u00e9 sk\u0159\u00edn\u011b","description":"V\u00fdhoda \u00faspory m\u00edsta Vestav\u011bn\u00e9 sk\u0159\u00edn\u011b u\u0161et\u0159\u00ed prostor posuvn\u00fdmi dve\u0159mi a d\u00e1vaj\u00ed lidem mo\u017enost uspo\u0159\u00e1dat si vnit\u0159n\u00ed rozlo\u017een\u00ed sk\u0159\u00edn\u011b podle individu\u00e1ln\u00edch pot\u0159eb ka\u017ed\u00e9ho \u010dlena dom\u00e1cnosti. Dokonal\u00e9 vyu\u017eit\u00ed prostoru Vestav\u011bn\u00e9 sk\u0159\u00edn\u011b budou v\u017edy na rozd\u00edl od hotov\u00fdch sektorov\u00fdch sk\u0159\u00edn\u00ed dokonale vypl\u0148ovat vymezen\u00fd prostor. I p\u0159esah pouh\u00fdch n\u011bkolika centimetr\u016f m\u016f\u017ee v m\u00edstnosti p\u016fsobit","datePublished":"2020-07-17","dateModified":"2023-04-29","author":{"@type":"Person","@id":"https:\/\/www.kotech.cz\/author\/#Person","name":"","url":"https:\/\/www.kotech.cz\/author\/","identifier":1,"image":{"@type":"ImageObject","@id":"https:\/\/secure.gravatar.com\/avatar\/82449f5dd313bdc88befc1a2d3138ce45c5e7d5eeee84221e3cf7fbc184b80d3?s=96&d=mm&r=g","url":"https:\/\/secure.gravatar.com\/avatar\/82449f5dd313bdc88befc1a2d3138ce45c5e7d5eeee84221e3cf7fbc184b80d3?s=96&d=mm&r=g","height":96,"width":96}},"publisher":{"@type":"Organization","name":"kotech.cz","logo":{"@type":"ImageObject","@id":"\/logo.png","url":"\/logo.png","width":600,"height":60}},"image":{"@type":"ImageObject","@id":"https:\/\/www.kotech.cz\/wp-content\/uploads\/vestav%C4%9Bn%C3%A9%20sk%C5%99%C3%ADn%C4%9B%202.jpg","url":"https:\/\/www.kotech.cz\/wp-content\/uploads\/vestav%C4%9Bn%C3%A9%20sk%C5%99%C3%ADn%C4%9B%202.jpg","height":0,"width":0},"url":"https:\/\/www.kotech.cz\/prakticke-a-funkcni-vestavene-skrine\/","about":["V\u00fdrobky"],"wordCount":415,"articleBody":"      V\u00fdhoda \u00faspory m\u00edstaVestav\u011bn\u00e9 sk\u0159\u00edn\u011b u\u0161et\u0159\u00ed prostor posuvn\u00fdmi dve\u0159mi a d\u00e1vaj\u00ed lidem mo\u017enost uspo\u0159\u00e1dat si vnit\u0159n\u00ed rozlo\u017een\u00ed sk\u0159\u00edn\u011b podle individu\u00e1ln\u00edch pot\u0159eb ka\u017ed\u00e9ho \u010dlena dom\u00e1cnosti.Dokonal\u00e9 vyu\u017eit\u00ed prostoruVestav\u011bn\u00e9 sk\u0159\u00edn\u011b budou v\u017edy na rozd\u00edl od hotov\u00fdch sektorov\u00fdch sk\u0159\u00edn\u00ed dokonale vypl\u0148ovat vymezen\u00fd prostor. I p\u0159esah pouh\u00fdch n\u011bkolika centimetr\u016f m\u016f\u017ee v m\u00edstnosti p\u016fsobit nep\u011bkn\u011b a takov\u00fd n\u00e1bytek m\u016f\u017ee p\u0159ek\u00e1\u017eet. Stejn\u011b tak nevypadaj\u00ed dob\u0159e ani n\u011bkolikacentimetrov\u00e9 mezery mezi sk\u0159\u00edn\u00ed a zd\u00ed, kter\u00e9 vznikaj\u00ed u sektorov\u00e9ho n\u00e1bytku. V mezer\u00e1ch se dr\u017e\u00ed prach a vytv\u00e1\u0159\u00ed se tam pavu\u010diny a takto mal\u00e9 prostory se \u0161patn\u011b ukl\u00edz\u00ed.Dokonal\u00e9 napl\u00e1nov\u00e1n\u00ed a modern\u00ed v\u00fdrobn\u00ed postupyPokud si zvol\u00edte v\u00fdrobu sk\u0159\u00edn\u00ed na m\u00edru, budete m\u00edt mo\u017enost si napl\u00e1novat n\u00e1bytek, prohl\u00e9dnout si 3 D vizualizaci. Tak si ud\u011bl\u00e1te p\u0159edstavu, jak bude pokoj s n\u00e1bytkem vypadat.Odborn\u00edk si zam\u011b\u0159\u00ed s\u00e1m m\u00edsto, pro um\u00edst\u011bn\u00ed n\u00e1bytku, konzultuje s v\u00e1mi va\u0161e p\u0159edstavy a sezn\u00e1m\u00ed v\u00e1s s re\u00e1ln\u00fdmi mo\u017enostmi, p\u0159\u00edpadn\u011b v\u00e1m navrhne lep\u0161\u00ed a prakti\u010dt\u011bj\u0161\u00ed \u0159e\u0161en\u00ed.\u0160irok\u00fd v\u00fdb\u011br barevVyb\u00edrat m\u016f\u017eete z \u0159ady barev a dekor\u016f, aby nov\u00fd n\u00e1bytek ladil se zbytkem m\u00edstnosti. Sk\u0159\u00edn\u011b maj\u00ed i velkou \u0159adu dopl\u0148k\u016f, aby se daly co nejl\u00e9pe vyu\u017e\u00edt a jejich ka\u017edodenn\u00ed pou\u017eit\u00ed bylo snadn\u00e9.\u0158e\u0161en\u00ed i pro slo\u017eit\u011b vyu\u017eiteln\u00e9 prostoryV\u00fdhodou vestav\u011bn\u00fdch sk\u0159\u00edn\u00ed je, \u017ee um\u00ed vyu\u017e\u00edt i atypick\u00fd a \u0161ikm\u00fd prostor, se kter\u00fdm se \u010dasto setk\u00e1v\u00e1me v podkrovn\u00edch m\u00edstnostech. To umo\u017e\u0148uje hlavn\u011b v p\u016fdn\u00edch vestavb\u00e1ch vyu\u017e\u00edt ka\u017ed\u00fd kousek prostoru.Takov\u00e9 vestav\u011bn\u00e9 sk\u0159\u00edn\u011b https:\/\/www.sten-skrine.cz\/ mohou b\u00fdt dokonalou sou\u010d\u00e1st\u00ed pokoje, splynout s n\u00edm a ani si jich na prvn\u00ed pohled nev\u0161imnete, nebo naopak mohou b\u00fdt opat\u0159eny takov\u00fdm designem, \u017ee vytvo\u0159\u00ed dominantn\u00ed \u010d\u00e1st pokoje a propracovan\u00fdmi detaily budou ozdobou cel\u00e9ho okoln\u00edho prostoru.Vnit\u0159n\u00ed vybaven\u00ed vestav\u011bn\u00fdch sk\u0159\u00edn\u00ed je tvo\u0159eno syst\u00e9mem polic, \u0161atn\u00edch ty\u010d\u00ed, v\u011b\u0161\u00e1k\u016f a r\u016fzn\u011b velk\u00fdch z\u00e1suvek.                                                                                                                                                                                                                                                                                                                                                                                          4.2\/5 - (9 votes)        "},{"@context":"https:\/\/schema.org\/","@type":"BreadcrumbList","itemListElement":[{"@type":"ListItem","position":1,"name":"Praktick\u00e9 a funk\u010dn\u00ed vestav\u011bn\u00e9 sk\u0159\u00edn\u011b","item":"https:\/\/www.kotech.cz\/prakticke-a-funkcni-vestavene-skrine\/#breadcrumbitem"}]}]