[{"@context":"https:\/\/schema.org\/","@type":"Article","@id":"https:\/\/www.kotech.cz\/sucha-oslava-i-za-deste\/#Article","mainEntityOfPage":"https:\/\/www.kotech.cz\/sucha-oslava-i-za-deste\/","headline":"Such\u00e1 oslava i za de\u0161t\u011b","name":"Such\u00e1 oslava i za de\u0161t\u011b","description":"Slune\u010dn\u00e9 a tepl\u00e9 po\u010das\u00ed p\u0159\u00edmo vyb\u00edz\u00ed k tomu, abyste si s rodinou a p\u0159\u00e1teli po\u0159\u00e1dali \u010das od \u010dasu n\u011bjakou gril party a nebo slavili narozeniny na va\u0161\u00ed zahrad\u011b. Zahradn\u00ed oslavy se t\u011b\u0161\u00ed velk\u00e9 oblib\u011b d\u00edky mo\u017enosti b\u00fdt ve zn\u00e1m\u00e9m prost\u0159ed\u00ed, kter\u00e9 se m\u016f\u017ee b\u011bhem chvilky prom\u011bnit v kouzeln\u00e9 m\u00edsto, kter\u00e9","datePublished":"2023-04-29","dateModified":"2023-04-29","author":{"@type":"Person","@id":"https:\/\/www.kotech.cz\/author\/#Person","name":"","url":"https:\/\/www.kotech.cz\/author\/","identifier":1,"image":{"@type":"ImageObject","@id":"https:\/\/secure.gravatar.com\/avatar\/82449f5dd313bdc88befc1a2d3138ce45c5e7d5eeee84221e3cf7fbc184b80d3?s=96&d=mm&r=g","url":"https:\/\/secure.gravatar.com\/avatar\/82449f5dd313bdc88befc1a2d3138ce45c5e7d5eeee84221e3cf7fbc184b80d3?s=96&d=mm&r=g","height":96,"width":96}},"publisher":{"@type":"Organization","name":"kotech.cz","logo":{"@type":"ImageObject","@id":"\/logo.png","url":"\/logo.png","width":600,"height":60}},"image":{"@type":"ImageObject","@id":"https:\/\/www.kotech.cz\/wp-content\/uploads\/party-5998464_640_10_7.jpg","url":"https:\/\/www.kotech.cz\/wp-content\/uploads\/party-5998464_640_10_7.jpg","height":0,"width":0},"url":"https:\/\/www.kotech.cz\/sucha-oslava-i-za-deste\/","about":["Www"],"wordCount":434,"articleBody":"      Slune\u010dn\u00e9 a tepl\u00e9 po\u010das\u00ed p\u0159\u00edmo vyb\u00edz\u00ed k tomu, abyste si s rodinou a p\u0159\u00e1teli po\u0159\u00e1dali \u010das od \u010dasu n\u011bjakou gril party a nebo slavili narozeniny na va\u0161\u00ed zahrad\u011b. Zahradn\u00ed oslavy se t\u011b\u0161\u00ed velk\u00e9 oblib\u011b d\u00edky mo\u017enosti b\u00fdt ve zn\u00e1m\u00e9m prost\u0159ed\u00ed, kter\u00e9 se m\u016f\u017ee b\u011bhem chvilky prom\u011bnit v kouzeln\u00e9 m\u00edsto, kter\u00e9 v\u00e1m nab\u00eddne skv\u011bl\u00fd odpo\u010dinek a n\u011bjakou tu romantiku. Sv\u00e9 o tom v\u00ed organiz\u00e1to\u0159i svateb, kte\u0159\u00ed pom\u00e1haj\u00ed p\u0159ipravovat des\u00edtky svateb pod \u0161irok\u00fdm nebem ka\u017ed\u00fd rok. Venkovn\u00ed svatba m\u00e1 \u00fapln\u011b jinou atmosf\u00e9ru ne\u017e ta na radnici, tak\u017ee jestli se chyst\u00e1te vz\u00edt, v\u00edte kde.Pl\u00e1n B je pot\u0159eba V\u0161ichni u\u017e jsme n\u011bkdy za\u017eili \u017ee n\u00e1m nevy\u0161lo po\u010das\u00ed. Podle p\u0159edpov\u011bdi m\u011blo b\u00fdt kr\u00e1sn\u011b cel\u00fd den, a tomu jsme pod\u0159\u00eddili i pl\u00e1nov\u00e1n\u00ed oslavy. Jen\u017ee b\u011bhem minuty se zat\u00e1hlo a z oslavy nebylo nic. Po\u010das\u00ed bohu\u017eel neporu\u010d\u00edme a tak je pot\u0159eba b\u00fdt p\u0159ipraveni i na variantu, \u017ee n\u00e1m prost\u011b nevyjde jak bychom cht\u011bli. Kdy\u017e p\u0159ijde znenad\u00e1n\u00ed p\u0159eh\u00e1\u0148ka, m\u016f\u017ee j\u00edt o men\u0161\u00ed d\u00e9\u0161\u0165 kter\u00fd za chvilku p\u0159ejde, ale tak\u00e9 se m\u016f\u017ee spustit po\u0159\u00e1d\u00e1n pr\u016ftr\u017e, kter\u00e1 bude trvat i mnohem d\u00e9le. Pro oba p\u0159\u00edpady je dobr\u00e9 m\u00edt venku stan. Ne ten klasick\u00fd, ale ten spole\u010densk\u00fd.Akce a svatby konan\u00e9 ve stanech nemus\u00ed v\u016fbec vypadat \u0161patn\u011b. Je d\u016fle\u017eit\u00e9 je vybavit v\u0161\u00edm co je pot\u0159eba pro to, aby oslava mohla fungovat d\u00e1l v pln\u00e9m proudu a nemuselo se \u0159e\u0161it, kam si lid\u00e9 narychlo posedaj\u00ed a co budou j\u00edst. Party stan pron\u00e1jem je skv\u011bl\u00e1 v\u011bc, proto\u017ee v\u00e1m firma nejen p\u016fj\u010d\u00ed stan p\u0159esn\u011b podle va\u0161ich po\u017eadavk\u016f, ale je\u0161t\u011b v\u00e1m ho i slo\u017e\u00ed na m\u00edst\u011b. Stany jsou nepromokav\u00e9 a schov\u00e1te se pod n\u011b p\u0159ed sluncem i p\u0159ed de\u0161t\u011bm. V p\u0159\u00edpad\u011b nep\u0159\u00edzniv\u00e9ho po\u010das\u00ed je dobr\u00e9 moct se hned p\u0159esunout do sucha pod st\u0159echu, a pokud se akce kon\u00e1 na tr\u00e1v\u011b, je vhodn\u00e9 m\u00edt pod stanem p\u0159ipravenou podlahu aby se zamezilo tomu, \u017ee budete st\u00e1t po kotn\u00edky v bahn\u011b a vod\u011b. Sta\u010d\u00ed myslet na v\u0161echno a z\u00e1bavu v\u00e1m nic nep\u0159ekaz\u00ed.                                                                                                                                                                                                                                                                                                                                                                                          3\/5 - (2 votes)        "},{"@context":"https:\/\/schema.org\/","@type":"BreadcrumbList","itemListElement":[{"@type":"ListItem","position":1,"name":"Such\u00e1 oslava i za de\u0161t\u011b","item":"https:\/\/www.kotech.cz\/sucha-oslava-i-za-deste\/#breadcrumbitem"}]}]